{"id":54765,"date":"2023-06-27T08:10:27","date_gmt":"2023-06-27T06:10:27","guid":{"rendered":"https:\/\/www.opaline-factory.ch\/dieser-sommer-schmeckt-nach-aprikose\/"},"modified":"2023-06-27T09:46:43","modified_gmt":"2023-06-27T07:46:43","slug":"dieser-sommer-schmeckt-nach-aprikose","status":"publish","type":"post","link":"https:\/\/www.opaline-factory.ch\/de\/dieser-sommer-schmeckt-nach-aprikose\/","title":{"rendered":"Dieser Sommer schmeckt nach Aprikose!"},"content":{"rendered":"<h2>Eine Schweizer Premiere: Die prickelnde Aprikose ist da !<\/h2>\n<p>Opaline, Hersteller von fruchtigen Getr\u00e4nken mit nat\u00fcrlichen Zutaten aus nachhaltiger regionaler Produktion, bringt die erste Aprikosenlimonade auf den Markt: <a href=\"https:\/\/www.opaline-factory.ch\/de\/getranke\/aprikosen-apfel-limonade\/\" target=\"_blank\" rel=\"noopener\">OPALIN Aprikose<\/a>.<\/p>\n<p>Ob pur genossen oder als Basis f\u00fcr einen Cocktail, auf einem Liegestuhl, in der Schule oder im B\u00fcro, als Aperitif mit Freunden oder als Genuss f\u00fcr zwischendurch &#8211; diese erfrischende, s\u00fcsse und s\u00e4uerliche Aprikosenlimonade wird schnell zu einem Must-have werden.<\/p>\n<h3>Nat\u00fcrliches Geschmackserlebnis<\/h3>\n<p>Wie s\u00e4mtliche Fruchtgetr\u00e4nke von Opaline wird die neue Aprikosenlimonade nur aus nat\u00fcrlichen Zutaten und ohne jeglichen Zusatz von k\u00fcnstlichen Aromen hergestellt. Die Fr\u00fcchte werden frisch gepresst, mit nat\u00fcrlichem Wasser und einem Schuss Zitronensaft gemischt, leicht mit Apfelsaftkonzentrat aus lokaler Produktion ges\u00fc\u00dft und danach mit Kohlens\u00e4ure versetzt. So bleibt der unverkennbare Geschmack der Walliser Aprikosen erhalten.<\/p>\n<h3 style=\"font-weight: 400;\"><strong>Verantwortung f\u00fcr Mensch und Natur<\/strong><\/h3>\n<p style=\"font-weight: 400;\">Seit 2009 kreiert Opaline 100 % nat\u00fcrliche und haupts\u00e4chlich biologische Getr\u00e4nke mit purem Geschmack und setzt dabei auf ein lokales, \u00f6kologisches und solidarisches Wirtschaftsmodell. Das Unternehmen ist B Corp-zertifiziert und engagiert sich f\u00fcr die Unterst\u00fctzung lokaler Bauern und die Reduktion seines CO2-Fussabdrucks \u2013 wodurch die Schweizer Limonade zur umweltschonenden Wahl f\u00fcr verantwortungsbewusste Konsumenten\/Innen wird.<\/p>\n<h3 style=\"font-weight: 400;\"><strong>OPALIN <\/strong><strong>Aprikosen-Limonade <\/strong><\/h3>\n<p style=\"font-weight: 400;\">Die neue Aprikosenlimonade wird in 33cl Glasflaschen verkauft und erg\u00e4nzt das bestehende <a href=\"https:\/\/opaline-shop.ch\/fr\/132-Limonades\" target=\"_blank\" rel=\"noopener\">OPALIN Limonadensortiment<\/a> aus Himbeer, Apfel, Ingwer, Galgant und Holunderbl\u00fcte um ein weiteres einzigartiges Geschmackserlebnis.<\/p>\n<p style=\"font-weight: 400;\">Die Getr\u00e4nke von Opaline sind in 1.200 Schweizer L\u00e4den erh\u00e4ltlich, darunter B\u00e4ckereien, Restaurants, Hotels und Caf\u00e9s, sowie online auf www.opaline-shop.ch.<\/p>\n<p>&nbsp;<\/p>\n<h3 style=\"font-weight: 400;\"><strong>Ebenfalls neu im Opaline-Sortiment: Opaline reiner Apfel- und Aprikosensaft <\/strong><\/h3>\n<p><img fetchpriority=\"high\" decoding=\"async\" class=\"alignnone wp-image-54757\" src=\"https:\/\/www.opaline-factory.ch\/wp-content\/uploads\/2023\/06\/2023-06-Opaline-DSC_3621-MS_web-300x200.jpg\" alt=\"\" width=\"534\" height=\"356\" srcset=\"https:\/\/b2907435.smushcdn.com\/2907435\/wp-content\/uploads\/2023\/06\/2023-06-Opaline-DSC_3621-MS_web-300x200.jpg?lossy=1&amp;strip=1&amp;webp=1 300w, https:\/\/b2907435.smushcdn.com\/2907435\/wp-content\/uploads\/2023\/06\/2023-06-Opaline-DSC_3621-MS_web-1024x683.jpg?lossy=1&amp;strip=1&amp;webp=1 1024w, https:\/\/b2907435.smushcdn.com\/2907435\/wp-content\/uploads\/2023\/06\/2023-06-Opaline-DSC_3621-MS_web-768x513.jpg?lossy=1&amp;strip=1&amp;webp=1 768w, https:\/\/b2907435.smushcdn.com\/2907435\/wp-content\/uploads\/2023\/06\/2023-06-Opaline-DSC_3621-MS_web-1536x1025.jpg?lossy=1&amp;strip=1&amp;webp=1 1536w, https:\/\/b2907435.smushcdn.com\/2907435\/wp-content\/uploads\/2023\/06\/2023-06-Opaline-DSC_3621-MS_web-2048x1367.jpg?lossy=1&amp;strip=1&amp;webp=1 2048w\" sizes=\"(max-width: 534px) 100vw, 534px\" \/><\/p>\n<p style=\"font-weight: 400;\">Gekl\u00e4rter <a href=\"https:\/\/opaline-shop.ch\/fr\/jus\/221-Jus-de-Pommes-et-Abricots\" target=\"_blank\" rel=\"noopener\">Aprikosensaft<\/a> (und nicht Nektar) &#8211; mit einem Hauch von Apfel vers\u00fcsst, 25cl<\/p>\n<p style=\"font-weight: 400;\">100% nat\u00fcrlicher Saft aus Walliser Fr\u00fcchten<\/p>\n<p style=\"font-weight: 400;\">s\u00fc\u00dfer, leicht s\u00e4uerlicher Geschmack und Duft<\/p>\n<p style=\"font-weight: 400;\">\n<p>&nbsp;<\/p>\n<hr \/>\n<p>&nbsp;<\/p>\n","protected":false},"excerpt":{"rendered":"<p>Eine Schweizer Premiere: Die prickelnde Aprikose ist da ! Opaline, Hersteller von fruchtigen Getr\u00e4nken mit nat\u00fcrlichen Zutaten aus nachhaltiger regionaler Produktion, bringt die erste Aprikosenlimonade auf den Markt: OPALIN Aprikose. Ob pur genossen oder als Basis f\u00fcr einen Cocktail, auf einem Liegestuhl, in der Schule oder im B\u00fcro, als Aperitif mit Freunden oder als Genuss [&hellip;]<\/p>\n","protected":false},"author":3,"featured_media":54753,"comment_status":"closed","ping_status":"closed","sticky":true,"template":"","format":"standard","meta":{"_acf_changed":false,"wds_primary_category":0,"footnotes":""},"categories":[29],"tags":[],"class_list":["post-54765","post","type-post","status-publish","format-standard","has-post-thumbnail","hentry","category-unkategorisiert"],"acf":[],"_links":{"self":[{"href":"https:\/\/www.opaline-factory.ch\/de\/wp-json\/wp\/v2\/posts\/54765","targetHints":{"allow":["GET"]}}],"collection":[{"href":"https:\/\/www.opaline-factory.ch\/de\/wp-json\/wp\/v2\/posts"}],"about":[{"href":"https:\/\/www.opaline-factory.ch\/de\/wp-json\/wp\/v2\/types\/post"}],"author":[{"embeddable":true,"href":"https:\/\/www.opaline-factory.ch\/de\/wp-json\/wp\/v2\/users\/3"}],"replies":[{"embeddable":true,"href":"https:\/\/www.opaline-factory.ch\/de\/wp-json\/wp\/v2\/comments?post=54765"}],"version-history":[{"count":0,"href":"https:\/\/www.opaline-factory.ch\/de\/wp-json\/wp\/v2\/posts\/54765\/revisions"}],"wp:featuredmedia":[{"embeddable":true,"href":"https:\/\/www.opaline-factory.ch\/de\/wp-json\/wp\/v2\/media\/54753"}],"wp:attachment":[{"href":"https:\/\/www.opaline-factory.ch\/de\/wp-json\/wp\/v2\/media?parent=54765"}],"wp:term":[{"taxonomy":"category","embeddable":true,"href":"https:\/\/www.opaline-factory.ch\/de\/wp-json\/wp\/v2\/categories?post=54765"},{"taxonomy":"post_tag","embeddable":true,"href":"https:\/\/www.opaline-factory.ch\/de\/wp-json\/wp\/v2\/tags?post=54765"}],"curies":[{"name":"wp","href":"https:\/\/api.w.org\/{rel}","templated":true}]}}